{"id":48,"date":"2016-10-02T11:38:26","date_gmt":"2016-10-02T09:38:26","guid":{"rendered":"http:\/\/www.josephvollmer.de\/?p=48"},"modified":"2018-03-19T16:26:34","modified_gmt":"2018-03-19T14:26:34","slug":"zufall-und-weitsicht-als-keimzelle-des-automobils","status":"publish","type":"post","link":"http:\/\/www.josephvollmer.de\/?p=48","title":{"rendered":"Zufall und Weitsicht als Keimzelle des Automobils in Gaggenau"},"content":{"rendered":"<h2><img data-attachment-id=\"52\" data-permalink=\"http:\/\/www.josephvollmer.de\/?attachment_id=52\" data-orig-file=\"http:\/\/www.josephvollmer.de\/wp-content\/uploads\/2009\/10\/Bildschirmfoto-2009-10-02-um-11.39.01.png\" data-orig-size=\"992,477\" data-comments-opened=\"1\" data-image-meta=\"{&quot;aperture&quot;:&quot;0&quot;,&quot;credit&quot;:&quot;&quot;,&quot;camera&quot;:&quot;&quot;,&quot;caption&quot;:&quot;&quot;,&quot;created_timestamp&quot;:&quot;0&quot;,&quot;copyright&quot;:&quot;&quot;,&quot;focal_length&quot;:&quot;0&quot;,&quot;iso&quot;:&quot;0&quot;,&quot;shutter_speed&quot;:&quot;0&quot;,&quot;title&quot;:&quot;&quot;}\" data-image-title=\"Bildschirmfoto 2009-10-02 um 11.39.01\" data-image-description=\"\" data-image-caption=\"\" data-medium-file=\"http:\/\/www.josephvollmer.de\/wp-content\/uploads\/2009\/10\/Bildschirmfoto-2009-10-02-um-11.39.01-300x144.png\" data-large-file=\"http:\/\/www.josephvollmer.de\/wp-content\/uploads\/2009\/10\/Bildschirmfoto-2009-10-02-um-11.39.01.png\" decoding=\"async\" loading=\"lazy\" class=\"aligncenter size-full wp-image-52\" title=\"Bildschirmfoto 2009-10-02 um 11.39.01\" src=\"http:\/\/www.josephvollmer.de\/wp-content\/uploads\/2009\/10\/Bildschirmfoto-2009-10-02-um-11.39.01.png\" alt=\"Bildschirmfoto 2009-10-02 um 11.39.01\" width=\"700\" height=\"300\" \/>Der Baden-Badener Konstrukteur Joseph Vollmer stellt 1894 dem Gaggenauer Unternehmer Theodor Bergmann Pl\u00e4ne f\u00fcr ein motorgetriebenes Dreirad vor<\/h2>\n<p><em>Gl\u00fcckliche Zuf\u00e4lle, unternehmerische Weitsicht und motivierte Mitarbeiter waren die Erfolgsfaktoren f\u00fcr das Entstehen und die positive Weiterentwicklung der Gaggenauer Automobilindustrie. So war es ein gl\u00fccklicher Zufall, dass 1894 der junge Baden-Badener Konstrukteur Joseph Vollmer nach Gaggenau kam, um Theodor Bergmann seine Pl\u00e4ne f\u00fcr ein motorgetriebenes Dreirad vorzustellen. Der Unternehmer Theodor Bergmann hatte sich in Ottenau selbst\u00e4ndig gemacht, nachdem er bis 1888 gemeinsam mit Michael Fl\u00fcrscheim die Eisenwerke Gaggenau zu einem bedeutenden Industriebetrieb entwickelt hatte.<\/em><\/p>\n<figure id=\"attachment_283\" aria-describedby=\"caption-attachment-283\" style=\"width: 2190px\" class=\"wp-caption alignleft\"><a href=\"http:\/\/www.josephvollmer.de\/wp-content\/uploads\/2016\/10\/UM-OE-Bergmanns-Industriewerke-1898-Staatsarchiv-Freiburg.jpeg\"><img data-attachment-id=\"283\" data-permalink=\"http:\/\/www.josephvollmer.de\/?attachment_id=283\" data-orig-file=\"http:\/\/www.josephvollmer.de\/wp-content\/uploads\/2016\/10\/UM-OE-Bergmanns-Industriewerke-1898-Staatsarchiv-Freiburg.jpeg\" data-orig-size=\"2190,2057\" data-comments-opened=\"1\" data-image-meta=\"{&quot;aperture&quot;:&quot;0&quot;,&quot;credit&quot;:&quot;&quot;,&quot;camera&quot;:&quot;MFC-J6520DW&quot;,&quot;caption&quot;:&quot;&quot;,&quot;created_timestamp&quot;:&quot;0&quot;,&quot;copyright&quot;:&quot;&quot;,&quot;focal_length&quot;:&quot;0&quot;,&quot;iso&quot;:&quot;0&quot;,&quot;shutter_speed&quot;:&quot;0&quot;,&quot;title&quot;:&quot;&quot;,&quot;orientation&quot;:&quot;1&quot;}\" data-image-title=\"UM OE Bergmanns Industriewerke 1898 &#8211; Staatsarchiv Freiburg\" data-image-description=\"\" data-image-caption=\"&lt;p&gt;Orient-Express II von ca. 1897 &#8211; Staatsarchiv Freiburg&lt;\/p&gt;\n\" data-medium-file=\"http:\/\/www.josephvollmer.de\/wp-content\/uploads\/2016\/10\/UM-OE-Bergmanns-Industriewerke-1898-Staatsarchiv-Freiburg-300x282.jpeg\" data-large-file=\"http:\/\/www.josephvollmer.de\/wp-content\/uploads\/2016\/10\/UM-OE-Bergmanns-Industriewerke-1898-Staatsarchiv-Freiburg-1024x962.jpeg\" decoding=\"async\" loading=\"lazy\" class=\"size-full wp-image-283\" src=\"http:\/\/www.josephvollmer.de\/wp-content\/uploads\/2016\/10\/UM-OE-Bergmanns-Industriewerke-1898-Staatsarchiv-Freiburg.jpeg\" alt=\"\" width=\"2190\" height=\"2057\" srcset=\"http:\/\/www.josephvollmer.de\/wp-content\/uploads\/2016\/10\/UM-OE-Bergmanns-Industriewerke-1898-Staatsarchiv-Freiburg.jpeg 2190w, http:\/\/www.josephvollmer.de\/wp-content\/uploads\/2016\/10\/UM-OE-Bergmanns-Industriewerke-1898-Staatsarchiv-Freiburg-300x282.jpeg 300w, http:\/\/www.josephvollmer.de\/wp-content\/uploads\/2016\/10\/UM-OE-Bergmanns-Industriewerke-1898-Staatsarchiv-Freiburg-768x721.jpeg 768w, http:\/\/www.josephvollmer.de\/wp-content\/uploads\/2016\/10\/UM-OE-Bergmanns-Industriewerke-1898-Staatsarchiv-Freiburg-1024x962.jpeg 1024w\" sizes=\"(max-width: 2190px) 100vw, 2190px\" \/><\/a><figcaption id=\"caption-attachment-283\" class=\"wp-caption-text\">Orient-Express II von ca. 1897 &#8211; Staatsarchiv Freiburg<\/figcaption><\/figure>\n<p>Bergmann erkannte die F\u00e4higkeiten Vollmers und beauftragte ihn mit der Entwicklung von Personenwagen, deren Produktion bereits ein Jahr sp\u00e4ter in Regie von Vollmer aufgenommen wurde. Sie hatten anfangs noch die auch von Benz und Daimler bekannte Kutschenform. Aber bereits 1898 waren auch andere Modelle im Programm, wie ein fr\u00fcher Prospekt belegt &#8211; darunter auch ein Lastwagen. Daher konnte man auch 1998 mit einem gro\u00dfen Fest und vielen Lkw-Oldtimern &#8222;100 Jahre Nutzfahrzeugbau in Gaggenau&#8220; feiern. Auf das Jahr 1899 wird danach der Bau des ersten Gaggenauer Omnibusses datiert, von dem nur noch ein Foto vorhanden ist.<\/p>\n<p><a href=\"http:\/\/www.josephvollmer.de\/wp-content\/uploads\/2016\/10\/UM-Omnibus-Bergmann-um-1900-Slg-Wessel.jpeg\"><img data-attachment-id=\"282\" data-permalink=\"http:\/\/www.josephvollmer.de\/?attachment_id=282\" data-orig-file=\"http:\/\/www.josephvollmer.de\/wp-content\/uploads\/2016\/10\/UM-Omnibus-Bergmann-um-1900-Slg-Wessel.jpeg\" data-orig-size=\"1949,1369\" data-comments-opened=\"1\" data-image-meta=\"{&quot;aperture&quot;:&quot;0&quot;,&quot;credit&quot;:&quot;&quot;,&quot;camera&quot;:&quot;MFC-J6520DW&quot;,&quot;caption&quot;:&quot;&quot;,&quot;created_timestamp&quot;:&quot;0&quot;,&quot;copyright&quot;:&quot;&quot;,&quot;focal_length&quot;:&quot;0&quot;,&quot;iso&quot;:&quot;0&quot;,&quot;shutter_speed&quot;:&quot;0&quot;,&quot;title&quot;:&quot;&quot;,&quot;orientation&quot;:&quot;1&quot;}\" data-image-title=\"UM Omnibus Bergmann um 1900 &#8211; Slg Wessel\" data-image-description=\"\" data-image-caption=\"\" data-medium-file=\"http:\/\/www.josephvollmer.de\/wp-content\/uploads\/2016\/10\/UM-Omnibus-Bergmann-um-1900-Slg-Wessel-300x211.jpeg\" data-large-file=\"http:\/\/www.josephvollmer.de\/wp-content\/uploads\/2016\/10\/UM-Omnibus-Bergmann-um-1900-Slg-Wessel-1024x719.jpeg\" decoding=\"async\" loading=\"lazy\" class=\"alignleft size-medium wp-image-282\" src=\"http:\/\/www.josephvollmer.de\/wp-content\/uploads\/2016\/10\/UM-Omnibus-Bergmann-um-1900-Slg-Wessel-300x211.jpeg\" alt=\"\" width=\"300\" height=\"211\" srcset=\"http:\/\/www.josephvollmer.de\/wp-content\/uploads\/2016\/10\/UM-Omnibus-Bergmann-um-1900-Slg-Wessel-300x211.jpeg 300w, http:\/\/www.josephvollmer.de\/wp-content\/uploads\/2016\/10\/UM-Omnibus-Bergmann-um-1900-Slg-Wessel-768x539.jpeg 768w, http:\/\/www.josephvollmer.de\/wp-content\/uploads\/2016\/10\/UM-Omnibus-Bergmann-um-1900-Slg-Wessel-1024x719.jpeg 1024w, http:\/\/www.josephvollmer.de\/wp-content\/uploads\/2016\/10\/UM-Omnibus-Bergmann-um-1900-Slg-Wessel.jpeg 1949w\" sizes=\"(max-width: 300px) 100vw, 300px\" \/><\/a>Als Bergmann seine Industriewerke aufbaute, konnte er viele besonders t\u00fcchtige und qualifizierte Facharbeiter aus den Eisenwerken f\u00fcr eine Mitarbeit gewinnen &#8211; darunter den Meister Max Roth, der sich sp\u00e4ter auch selbst\u00e4ndig machte.<\/p>\n<p>Es gelang den Gaggenauern sogar, von &#8222;Benz &amp; Cie&#8220; mit Franz Lipfert einen besonders f\u00e4higen Mitarbeiter als Fahrmeister abzuwerben, der noch bei &#8222;Papa Benz&#8220; die allerersten Fahrversuche mit dem Dreirad miterlebt hatte.<\/p>\n<p>Ein weiterer gl\u00fccklicher Zufall war es dann, dass Bergmann im Jahr 1900 beim Besuch der Weltausstellung in Paris den Kaufmann Georg Wi\u00df und den Ingenieur Franz Knecht kennen lernte. Wi\u00df hatte auf der Ausstellung erstmals Automobile gesehen und war so begeistert von diesen Wunderwerken der Technik, dass er bereits im Fr\u00fchjahr 1901 als Teilhaber bei Bergmann einstieg. Man hatte sich gerade mal wieder sozusagen &#8222;zu Tode erfunden&#8220; und so konnte durch die Beteiligung von Wi\u00df zudem die Werksschlie\u00dfung verhindert werden.<\/p>\n<figure id=\"attachment_285\" aria-describedby=\"caption-attachment-285\" style=\"width: 300px\" class=\"wp-caption alignleft\"><a href=\"http:\/\/www.josephvollmer.de\/wp-content\/uploads\/2016\/10\/UM-Orient-Express-Wi\u00df-Lipfert-Bergmann-1901-av-Wessel.jpg\"><img data-attachment-id=\"285\" data-permalink=\"http:\/\/www.josephvollmer.de\/?attachment_id=285\" data-orig-file=\"http:\/\/www.josephvollmer.de\/wp-content\/uploads\/2016\/10\/UM-Orient-Express-Wi\u00df-Lipfert-Bergmann-1901-av-Wessel.jpg\" data-orig-size=\"3000,2130\" data-comments-opened=\"1\" data-image-meta=\"{&quot;aperture&quot;:&quot;0&quot;,&quot;credit&quot;:&quot;&quot;,&quot;camera&quot;:&quot;&quot;,&quot;caption&quot;:&quot;&quot;,&quot;created_timestamp&quot;:&quot;0&quot;,&quot;copyright&quot;:&quot;&quot;,&quot;focal_length&quot;:&quot;0&quot;,&quot;iso&quot;:&quot;0&quot;,&quot;shutter_speed&quot;:&quot;0&quot;,&quot;title&quot;:&quot;&quot;,&quot;orientation&quot;:&quot;1&quot;}\" data-image-title=\"UM Orient-Express Wi\u00df Lipfert Bergmann 1901 &#8211; av Wessel\" data-image-description=\"\" data-image-caption=\"&lt;p&gt;Georg Wiss, Franz Lipfert und hinten rechts Theodor Bergmann um 1901 in einem Orient-Exprss&lt;\/p&gt;\n\" data-medium-file=\"http:\/\/www.josephvollmer.de\/wp-content\/uploads\/2016\/10\/UM-Orient-Express-Wi\u00df-Lipfert-Bergmann-1901-av-Wessel-300x213.jpg\" data-large-file=\"http:\/\/www.josephvollmer.de\/wp-content\/uploads\/2016\/10\/UM-Orient-Express-Wi\u00df-Lipfert-Bergmann-1901-av-Wessel-1024x727.jpg\" decoding=\"async\" loading=\"lazy\" class=\"size-medium wp-image-285\" src=\"http:\/\/www.josephvollmer.de\/wp-content\/uploads\/2016\/10\/UM-Orient-Express-Wi\u00df-Lipfert-Bergmann-1901-av-Wessel-300x213.jpg\" alt=\"\" width=\"300\" height=\"213\" srcset=\"http:\/\/www.josephvollmer.de\/wp-content\/uploads\/2016\/10\/UM-Orient-Express-Wi\u00df-Lipfert-Bergmann-1901-av-Wessel-300x213.jpg 300w, http:\/\/www.josephvollmer.de\/wp-content\/uploads\/2016\/10\/UM-Orient-Express-Wi\u00df-Lipfert-Bergmann-1901-av-Wessel-768x545.jpg 768w, http:\/\/www.josephvollmer.de\/wp-content\/uploads\/2016\/10\/UM-Orient-Express-Wi\u00df-Lipfert-Bergmann-1901-av-Wessel-1024x727.jpg 1024w\" sizes=\"(max-width: 300px) 100vw, 300px\" \/><\/a><figcaption id=\"caption-attachment-285\" class=\"wp-caption-text\">Georg Wiss, Franz Lipfert und hinten rechts Theodor Bergmann um 1901 in einem Orient-Exprss<\/figcaption><\/figure>\n<p>Den Ingenieur Franz Knecht verpflichteten Bergmann und Wi\u00df noch in Paris als Nachfolger von Joseph Vollmer, der im November 1897 ausgeschieden war, zum Jahresende 1901. Franz Knecht war Autodidakt. Nach einer Mechaniker-Ausbildung hatte er sich bei weiteren Lehr- und Wanderjahren in Deutschland, Frankreich und der Schweiz hervorragende technische Kenntnisse angeeignet. Diese machten es ihm m\u00f6glich, sich in seiner Freizeit in den Jahren 1897 und 1898 ein eigenes Automobil zu bauen &#8211; zugleich eine Referenz, um 1898 die Leitung einer Automobilproduktion in Frankreich \u00fcbertragen zu bekommen.<\/p>\n<figure id=\"attachment_286\" aria-describedby=\"caption-attachment-286\" style=\"width: 300px\" class=\"wp-caption alignleft\"><a href=\"http:\/\/www.josephvollmer.de\/wp-content\/uploads\/2016\/10\/UM-Charly-Kappler-Franz-Knecht-1922-Archiv-Daimler.jpg\"><img data-attachment-id=\"286\" data-permalink=\"http:\/\/www.josephvollmer.de\/?attachment_id=286\" data-orig-file=\"http:\/\/www.josephvollmer.de\/wp-content\/uploads\/2016\/10\/UM-Charly-Kappler-Franz-Knecht-1922-Archiv-Daimler.jpg\" data-orig-size=\"589,379\" data-comments-opened=\"1\" data-image-meta=\"{&quot;aperture&quot;:&quot;0&quot;,&quot;credit&quot;:&quot;&quot;,&quot;camera&quot;:&quot;&quot;,&quot;caption&quot;:&quot;&quot;,&quot;created_timestamp&quot;:&quot;0&quot;,&quot;copyright&quot;:&quot;&quot;,&quot;focal_length&quot;:&quot;0&quot;,&quot;iso&quot;:&quot;0&quot;,&quot;shutter_speed&quot;:&quot;0&quot;,&quot;title&quot;:&quot;&quot;,&quot;orientation&quot;:&quot;1&quot;}\" data-image-title=\"UM Charly Kappler Franz Knecht 1922 &#8211; Archiv Daimler\" data-image-description=\"\" data-image-caption=\"&lt;p&gt;Der Rennfahrer Charly Kappler und Franz Knecht 1922 in einem erfolgreichen Rennwagen aus Gaggenauer Produktion&lt;\/p&gt;\n\" data-medium-file=\"http:\/\/www.josephvollmer.de\/wp-content\/uploads\/2016\/10\/UM-Charly-Kappler-Franz-Knecht-1922-Archiv-Daimler-300x193.jpg\" data-large-file=\"http:\/\/www.josephvollmer.de\/wp-content\/uploads\/2016\/10\/UM-Charly-Kappler-Franz-Knecht-1922-Archiv-Daimler.jpg\" decoding=\"async\" loading=\"lazy\" class=\"size-medium wp-image-286\" src=\"http:\/\/www.josephvollmer.de\/wp-content\/uploads\/2016\/10\/UM-Charly-Kappler-Franz-Knecht-1922-Archiv-Daimler-300x193.jpg\" alt=\"\" width=\"300\" height=\"193\" srcset=\"http:\/\/www.josephvollmer.de\/wp-content\/uploads\/2016\/10\/UM-Charly-Kappler-Franz-Knecht-1922-Archiv-Daimler-300x193.jpg 300w, http:\/\/www.josephvollmer.de\/wp-content\/uploads\/2016\/10\/UM-Charly-Kappler-Franz-Knecht-1922-Archiv-Daimler.jpg 589w\" sizes=\"(max-width: 300px) 100vw, 300px\" \/><\/a><figcaption id=\"caption-attachment-286\" class=\"wp-caption-text\">Der Rennfahrer Charly Kappler und Franz Knecht 1922 in einem erfolgreichen Rennwagen aus Gaggenauer Produktion<\/figcaption><\/figure>\n<p>Der weitsichtige Unternehmer Theodor Bergmann beauftragte 1901 den Konstrukteur Willy Seck mit der Entwicklung eines &#8222;winzigen Fahrzeugs mit Reibrad-Antrieb&#8220;. Dahinter steckte der Gedanke eines Volksautomobils. 1904 wurden die ersten Exemplare in Bergmanns Industriewerken gefertigt. Dieser setzte gro\u00dfe Hoffnungen in sein &#8222;Volksautomobil&#8220; und bot Lizenzfertigungen an. Doch nur in seiner eigenen Waffenfabrik in Suhl, Th\u00fcringen, wurden weitere Liliput-Fahrzeuge gebaut. Bergmann war offensichtlich seiner Zeit zu weit voraus.<\/p>\n<figure id=\"attachment_279\" aria-describedby=\"caption-attachment-279\" style=\"width: 300px\" class=\"wp-caption alignleft\"><a href=\"http:\/\/www.josephvollmer.de\/wp-content\/uploads\/2016\/10\/UM-GaggenauLiliput47112-Daimler.jpg\"><img data-attachment-id=\"279\" data-permalink=\"http:\/\/www.josephvollmer.de\/?attachment_id=279\" data-orig-file=\"http:\/\/www.josephvollmer.de\/wp-content\/uploads\/2016\/10\/UM-GaggenauLiliput47112-Daimler.jpg\" data-orig-size=\"2525,1897\" data-comments-opened=\"1\" data-image-meta=\"{&quot;aperture&quot;:&quot;0&quot;,&quot;credit&quot;:&quot;&quot;,&quot;camera&quot;:&quot;&quot;,&quot;caption&quot;:&quot;&quot;,&quot;created_timestamp&quot;:&quot;0&quot;,&quot;copyright&quot;:&quot;&quot;,&quot;focal_length&quot;:&quot;0&quot;,&quot;iso&quot;:&quot;0&quot;,&quot;shutter_speed&quot;:&quot;0&quot;,&quot;title&quot;:&quot;&quot;,&quot;orientation&quot;:&quot;1&quot;}\" data-image-title=\"UM GaggenauLiliput47112 Daimler\" data-image-description=\"\" data-image-caption=\"&lt;p&gt;Der von Willy Seck konstruierte Liliput mit Reibradgetriebe &#8211; Archiv Daimler&lt;\/p&gt;\n\" data-medium-file=\"http:\/\/www.josephvollmer.de\/wp-content\/uploads\/2016\/10\/UM-GaggenauLiliput47112-Daimler-300x225.jpg\" data-large-file=\"http:\/\/www.josephvollmer.de\/wp-content\/uploads\/2016\/10\/UM-GaggenauLiliput47112-Daimler-1024x769.jpg\" decoding=\"async\" loading=\"lazy\" class=\"size-medium wp-image-279\" src=\"http:\/\/www.josephvollmer.de\/wp-content\/uploads\/2016\/10\/UM-GaggenauLiliput47112-Daimler-300x225.jpg\" alt=\"\" width=\"300\" height=\"225\" srcset=\"http:\/\/www.josephvollmer.de\/wp-content\/uploads\/2016\/10\/UM-GaggenauLiliput47112-Daimler-300x225.jpg 300w, http:\/\/www.josephvollmer.de\/wp-content\/uploads\/2016\/10\/UM-GaggenauLiliput47112-Daimler-768x577.jpg 768w, http:\/\/www.josephvollmer.de\/wp-content\/uploads\/2016\/10\/UM-GaggenauLiliput47112-Daimler-1024x769.jpg 1024w\" sizes=\"(max-width: 300px) 100vw, 300px\" \/><\/a><figcaption id=\"caption-attachment-279\" class=\"wp-caption-text\">Der von Willy Seck konstruierte Liliput mit Reibradgetriebe &#8211; Archiv Daimler<\/figcaption><\/figure>\n","protected":false},"excerpt":{"rendered":"<p>Der Baden-Badener Konstrukteur Joseph Vollmer stellt 1894 dem Gaggenauer Unternehmer Theodor Bergmann Pl\u00e4ne f\u00fcr ein motorgetriebenes Dreirad vor Gl\u00fcckliche Zuf\u00e4lle, unternehmerische Weitsicht und motivierte Mitarbeiter waren die Erfolgsfaktoren f\u00fcr das Entstehen und die positive Weiterentwicklung der Gaggenauer Automobilindustrie. So war es ein gl\u00fccklicher Zufall, dass 1894 der junge Baden-Badener Konstrukteur Joseph Vollmer nach Gaggenau kam, &hellip; <a href=\"http:\/\/www.josephvollmer.de\/?p=48\" class=\"more-link\"><span class=\"screen-reader-text\">Zufall und Weitsicht als Keimzelle des Automobils in Gaggenau<\/span> weiterlesen <span class=\"meta-nav\">&rarr;<\/span><\/a><\/p>\n","protected":false},"author":1,"featured_media":0,"comment_status":"open","ping_status":"open","sticky":false,"template":"","format":"standard","meta":{"jetpack_post_was_ever_published":false,"_jetpack_newsletter_access":""},"categories":[1],"tags":[],"jetpack_featured_media_url":"","jetpack_shortlink":"https:\/\/wp.me\/p74Ukh-M","_links":{"self":[{"href":"http:\/\/www.josephvollmer.de\/index.php?rest_route=\/wp\/v2\/posts\/48"}],"collection":[{"href":"http:\/\/www.josephvollmer.de\/index.php?rest_route=\/wp\/v2\/posts"}],"about":[{"href":"http:\/\/www.josephvollmer.de\/index.php?rest_route=\/wp\/v2\/types\/post"}],"author":[{"embeddable":true,"href":"http:\/\/www.josephvollmer.de\/index.php?rest_route=\/wp\/v2\/users\/1"}],"replies":[{"embeddable":true,"href":"http:\/\/www.josephvollmer.de\/index.php?rest_route=%2Fwp%2Fv2%2Fcomments&post=48"}],"version-history":[{"count":13,"href":"http:\/\/www.josephvollmer.de\/index.php?rest_route=\/wp\/v2\/posts\/48\/revisions"}],"predecessor-version":[{"id":313,"href":"http:\/\/www.josephvollmer.de\/index.php?rest_route=\/wp\/v2\/posts\/48\/revisions\/313"}],"wp:attachment":[{"href":"http:\/\/www.josephvollmer.de\/index.php?rest_route=%2Fwp%2Fv2%2Fmedia&parent=48"}],"wp:term":[{"taxonomy":"category","embeddable":true,"href":"http:\/\/www.josephvollmer.de\/index.php?rest_route=%2Fwp%2Fv2%2Fcategories&post=48"},{"taxonomy":"post_tag","embeddable":true,"href":"http:\/\/www.josephvollmer.de\/index.php?rest_route=%2Fwp%2Fv2%2Ftags&post=48"}],"curies":[{"name":"wp","href":"https:\/\/api.w.org\/{rel}","templated":true}]}}