{"id":42,"date":"2009-09-26T11:03:03","date_gmt":"2009-09-26T09:03:03","guid":{"rendered":"http:\/\/www.josephvollmer.de\/?p=42"},"modified":"2011-05-27T17:36:54","modified_gmt":"2011-05-27T15:36:54","slug":"aller-laster-anfang","status":"publish","type":"post","link":"http:\/\/www.josephvollmer.de\/?p=42","title":{"rendered":"&#8222;Aller Laster Anfang&#8220; &#8211; Pionierjahre des Automobilbaus wurden lebendig"},"content":{"rendered":"<figure id=\"attachment_58\" aria-describedby=\"caption-attachment-58\" style=\"width: 319px\" class=\"wp-caption alignleft\"><span style=\"text-decoration: underline;\"><img data-attachment-id=\"58\" data-permalink=\"http:\/\/www.josephvollmer.de\/?attachment_id=58\" data-orig-file=\"http:\/\/www.josephvollmer.de\/wp-content\/uploads\/2009\/09\/Bildschirmfoto-2009-10-02-um-11.50.03.png\" data-orig-size=\"319,430\" data-comments-opened=\"1\" data-image-meta=\"{&quot;aperture&quot;:&quot;0&quot;,&quot;credit&quot;:&quot;&quot;,&quot;camera&quot;:&quot;&quot;,&quot;caption&quot;:&quot;&quot;,&quot;created_timestamp&quot;:&quot;0&quot;,&quot;copyright&quot;:&quot;&quot;,&quot;focal_length&quot;:&quot;0&quot;,&quot;iso&quot;:&quot;0&quot;,&quot;shutter_speed&quot;:&quot;0&quot;,&quot;title&quot;:&quot;&quot;}\" data-image-title=\"Bildschirmfoto 2009-10-02 um 11.50.03\" data-image-description=\"\" data-image-caption=\"&lt;p&gt;Hans-Joachim Schramm, Stefan Schwaab und Michael Wessel neben dem Tonneau &lt;\/p&gt;\n\" data-medium-file=\"http:\/\/www.josephvollmer.de\/wp-content\/uploads\/2009\/09\/Bildschirmfoto-2009-10-02-um-11.50.03-222x300.png\" data-large-file=\"http:\/\/www.josephvollmer.de\/wp-content\/uploads\/2009\/09\/Bildschirmfoto-2009-10-02-um-11.50.03.png\" decoding=\"async\" loading=\"lazy\" class=\"size-full wp-image-58\" title=\"Bildschirmfoto 2009-10-02 um 11.50.03\" src=\"http:\/\/www.josephvollmer.de\/wp-content\/uploads\/2009\/09\/Bildschirmfoto-2009-10-02-um-11.50.03.png\" alt=\"Hans-Joachim Schramm, Stefan Schwaab und Michael Wessel neben dem Tonneau \" width=\"319\" height=\"430\" srcset=\"http:\/\/www.josephvollmer.de\/wp-content\/uploads\/2009\/09\/Bildschirmfoto-2009-10-02-um-11.50.03.png 319w, http:\/\/www.josephvollmer.de\/wp-content\/uploads\/2009\/09\/Bildschirmfoto-2009-10-02-um-11.50.03-222x300.png 222w\" sizes=\"(max-width: 319px) 100vw, 319px\" \/><\/span><figcaption id=\"caption-attachment-58\" class=\"wp-caption-text\">Hans-Joachim Schramm, Stefan Schwaab und Michael Wessel neben dem Tonneau <\/figcaption><\/figure>\n<h4><span style=\"font-weight: normal;\">Die Gaggenauer k\u00f6nnen stolz sein auf eine lange Tradition im Bau von Fahrzeugen und Aggregaten. Mit einigen besonders attraktiven Exponaten und Dokumenten wurden vom 28. November 2009 bis 21. Februar 2010 den Besuchern des Unimog-Museums die Pionierjahre des Gaggenauer Automobilbaus n\u00e4hergebracht.<\/span><\/h4>\n<p>&#8222;Aller Laster Anfang&#8220; hie\u00df die Sonderausstellung. Aus der Produktion von Theodor Bergmann stammte ein wundersch\u00f6ner viersitziger Tonneau aus der Sammlung von Joachim Schramm aus Oberursel. Es war das \u00e4lteste Fahrzeug der Ausstellung und das Viert\u00e4lteste \u00fcberhaupt erhalten gebliebene Fahrzeug aus Gaggenau.<\/p>\n<p>Bei Bergmann entwickelt und dann in der S\u00fcddeutschen Automobilfabrik gebaut: ein &#8222;Liliput&#8220;, das erste Volksautomobil der Welt. Es ist eines von zwei noch erhalten gebliebenen Fahrzeugen. Als \u00e4ltester Lastwagen der Welt gilt das Fahrzeug der S\u00fcddeutschen Automobilfabrik Gaggenau aus dem Jahr 1909, das jetzt wieder im Technikmuseum Speyer zu bewundern ist. Das erste Mal im Unimog-Museum zu sehen war der Benz-Gaggenau 3K2 aus dem Jahr 1916, der damit wieder zur\u00fcck an seinen &#8222;Geburtsort&#8220; gekommen war. Abgerundet wurde die Sonderausstellung durch historische Dokumente und Fotos in den Vitrinen sowie durch Schautafeln des Wirtschaftsarchivs Baden-W\u00fcrttemberg, auf denen die Anf\u00e4nge des Omnibusbaus im Land dargestellt wurden.<\/p>\n","protected":false},"excerpt":{"rendered":"<p>Die Gaggenauer k\u00f6nnen stolz sein auf eine lange Tradition im Bau von Fahrzeugen und Aggregaten. Mit einigen besonders attraktiven Exponaten und Dokumenten wurden vom 28. November 2009 bis 21. Februar 2010 den Besuchern des Unimog-Museums die Pionierjahre des Gaggenauer Automobilbaus n\u00e4hergebracht. &#8222;Aller Laster Anfang&#8220; hie\u00df die Sonderausstellung. Aus der Produktion von Theodor Bergmann stammte ein &hellip; <a href=\"http:\/\/www.josephvollmer.de\/?p=42\" class=\"more-link\"><span class=\"screen-reader-text\">&#8222;Aller Laster Anfang&#8220; &#8211; Pionierjahre des Automobilbaus wurden lebendig<\/span> weiterlesen <span class=\"meta-nav\">&rarr;<\/span><\/a><\/p>\n","protected":false},"author":1,"featured_media":0,"comment_status":"open","ping_status":"open","sticky":false,"template":"","format":"standard","meta":{"jetpack_post_was_ever_published":false,"_jetpack_newsletter_access":""},"categories":[4],"tags":[],"jetpack_featured_media_url":"","jetpack_shortlink":"https:\/\/wp.me\/p74Ukh-G","_links":{"self":[{"href":"http:\/\/www.josephvollmer.de\/index.php?rest_route=\/wp\/v2\/posts\/42"}],"collection":[{"href":"http:\/\/www.josephvollmer.de\/index.php?rest_route=\/wp\/v2\/posts"}],"about":[{"href":"http:\/\/www.josephvollmer.de\/index.php?rest_route=\/wp\/v2\/types\/post"}],"author":[{"embeddable":true,"href":"http:\/\/www.josephvollmer.de\/index.php?rest_route=\/wp\/v2\/users\/1"}],"replies":[{"embeddable":true,"href":"http:\/\/www.josephvollmer.de\/index.php?rest_route=%2Fwp%2Fv2%2Fcomments&post=42"}],"version-history":[{"count":9,"href":"http:\/\/www.josephvollmer.de\/index.php?rest_route=\/wp\/v2\/posts\/42\/revisions"}],"predecessor-version":[{"id":181,"href":"http:\/\/www.josephvollmer.de\/index.php?rest_route=\/wp\/v2\/posts\/42\/revisions\/181"}],"wp:attachment":[{"href":"http:\/\/www.josephvollmer.de\/index.php?rest_route=%2Fwp%2Fv2%2Fmedia&parent=42"}],"wp:term":[{"taxonomy":"category","embeddable":true,"href":"http:\/\/www.josephvollmer.de\/index.php?rest_route=%2Fwp%2Fv2%2Fcategories&post=42"},{"taxonomy":"post_tag","embeddable":true,"href":"http:\/\/www.josephvollmer.de\/index.php?rest_route=%2Fwp%2Fv2%2Ftags&post=42"}],"curies":[{"name":"wp","href":"https:\/\/api.w.org\/{rel}","templated":true}]}}