{"id":365,"date":"2018-05-31T20:04:28","date_gmt":"2018-05-31T18:04:28","guid":{"rendered":"http:\/\/www.josephvollmer.de\/?p=365"},"modified":"2018-06-01T11:31:41","modified_gmt":"2018-06-01T09:31:41","slug":"aeltestes-gaggenauer-fahrzeug-im-kurhaus-baden-baden","status":"publish","type":"post","link":"http:\/\/www.josephvollmer.de\/?p=365","title":{"rendered":"\u00c4ltestes Gaggenauer Fahrzeug im Kurhaus Baden-Baden"},"content":{"rendered":"<p><em><a href=\"http:\/\/www.josephvollmer.de\/wp-content\/uploads\/2018\/05\/DSC_0028.jpg\"><img data-attachment-id=\"370\" data-permalink=\"http:\/\/www.josephvollmer.de\/?attachment_id=370\" data-orig-file=\"http:\/\/www.josephvollmer.de\/wp-content\/uploads\/2018\/05\/DSC_0028.jpg\" data-orig-size=\"3872,2592\" data-comments-opened=\"1\" data-image-meta=\"{&quot;aperture&quot;:&quot;4.5&quot;,&quot;credit&quot;:&quot;&quot;,&quot;camera&quot;:&quot;NIKON D60&quot;,&quot;caption&quot;:&quot;&quot;,&quot;created_timestamp&quot;:&quot;1527682348&quot;,&quot;copyright&quot;:&quot;&quot;,&quot;focal_length&quot;:&quot;38&quot;,&quot;iso&quot;:&quot;200&quot;,&quot;shutter_speed&quot;:&quot;0.016666666666667&quot;,&quot;title&quot;:&quot;&quot;,&quot;orientation&quot;:&quot;1&quot;}\" data-image-title=\"DSC_0028\" data-image-description=\"\" data-image-caption=\"\" data-medium-file=\"http:\/\/www.josephvollmer.de\/wp-content\/uploads\/2018\/05\/DSC_0028-300x201.jpg\" data-large-file=\"http:\/\/www.josephvollmer.de\/wp-content\/uploads\/2018\/05\/DSC_0028-1024x685.jpg\" decoding=\"async\" loading=\"lazy\" class=\"aligncenter size-full wp-image-370\" src=\"http:\/\/www.josephvollmer.de\/wp-content\/uploads\/2018\/05\/DSC_0028.jpg\" alt=\"\" width=\"3872\" height=\"2592\" srcset=\"http:\/\/www.josephvollmer.de\/wp-content\/uploads\/2018\/05\/DSC_0028.jpg 3872w, http:\/\/www.josephvollmer.de\/wp-content\/uploads\/2018\/05\/DSC_0028-300x201.jpg 300w, http:\/\/www.josephvollmer.de\/wp-content\/uploads\/2018\/05\/DSC_0028-768x514.jpg 768w, http:\/\/www.josephvollmer.de\/wp-content\/uploads\/2018\/05\/DSC_0028-1024x685.jpg 1024w\" sizes=\"(max-width: 3872px) 100vw, 3872px\" \/><\/a>Automobil-Experte Michael Wessel (stehend), BKV-Gesch\u00e4ftsf\u00fchrer Stefan Ratzel und die Leiterin des Unimog-Museums, Hildegard Knoop, pr\u00e4sentieren den Orient-Express im Foyer des Kurhauses. \u00a0\u00a0\u00a0\u00a0 Foto Roland Seiter<\/em><\/p>\n<p><strong>Gebaut 1897 in Gaggenau &#8211; <\/strong><strong>Konstrukteur ein Baden-Badener<\/strong><\/p>\n<p>Baden-Baden. Bis 22. Juni ist eine automobile Rarit\u00e4t, der &#8222;Orient-Express&#8220;, im unteren Foyer des Kurhauses zu bewundern. Dort haben Geschichts- und Automobilbegeisterte Gelegenheit, das inzwischen 121 Jahre alte Fahrzeug in Augenschein zu nehmen.<\/p>\n<p>Das \u00e4lteste bekannte Fahrzeug aus Gaggenauer Automobilproduktion wurde vor wenigen Wochen aus England zur\u00fcck an seinen \u201eGeburtsort\u201c geholt. Das Automobil wurde 1897 unter dem klangvollen Namen Orient-Express in Bergmanns Industriewerken nach Pl\u00e4nen und in Regie des Baden-Badener Ingenieurs und Automobilpioniers Joseph Vollmer gebaut. Laut dem Gaggenauer Experten Michael Wessel ist der Wagen das \u00e4lteste noch existierende Fahrzeug aus Gaggenauer Produktion.<\/p>\n<figure id=\"attachment_372\" aria-describedby=\"caption-attachment-372\" style=\"width: 604px\" class=\"wp-caption aligncenter\"><a href=\"http:\/\/www.josephvollmer.de\/wp-content\/uploads\/2018\/05\/OE-Baden-Baden-2-Seiter.jpg\"><img data-attachment-id=\"372\" data-permalink=\"http:\/\/www.josephvollmer.de\/?attachment_id=372\" data-orig-file=\"http:\/\/www.josephvollmer.de\/wp-content\/uploads\/2018\/05\/OE-Baden-Baden-2-Seiter.jpg\" data-orig-size=\"3872,2592\" data-comments-opened=\"1\" data-image-meta=\"{&quot;aperture&quot;:&quot;4.5&quot;,&quot;credit&quot;:&quot;&quot;,&quot;camera&quot;:&quot;NIKON D60&quot;,&quot;caption&quot;:&quot;&quot;,&quot;created_timestamp&quot;:&quot;1527682562&quot;,&quot;copyright&quot;:&quot;&quot;,&quot;focal_length&quot;:&quot;35&quot;,&quot;iso&quot;:&quot;200&quot;,&quot;shutter_speed&quot;:&quot;0.016666666666667&quot;,&quot;title&quot;:&quot;&quot;,&quot;orientation&quot;:&quot;1&quot;}\" data-image-title=\"OE Baden-Baden 2 &#8211; Seiter\" data-image-description=\"\" data-image-caption=\"&lt;p&gt;Viele Kn\u00f6pfe sind zu dr\u00fccken und Hebel zu bewegen, um das Fahrzeug in Bewegung zu bringen &#8211; Foto Seiter&lt;\/p&gt;\n\" data-medium-file=\"http:\/\/www.josephvollmer.de\/wp-content\/uploads\/2018\/05\/OE-Baden-Baden-2-Seiter-300x201.jpg\" data-large-file=\"http:\/\/www.josephvollmer.de\/wp-content\/uploads\/2018\/05\/OE-Baden-Baden-2-Seiter-1024x685.jpg\" decoding=\"async\" loading=\"lazy\" class=\"size-large wp-image-372\" src=\"http:\/\/www.josephvollmer.de\/wp-content\/uploads\/2018\/05\/OE-Baden-Baden-2-Seiter-1024x685.jpg\" alt=\"\" width=\"604\" height=\"404\" srcset=\"http:\/\/www.josephvollmer.de\/wp-content\/uploads\/2018\/05\/OE-Baden-Baden-2-Seiter-1024x685.jpg 1024w, http:\/\/www.josephvollmer.de\/wp-content\/uploads\/2018\/05\/OE-Baden-Baden-2-Seiter-300x201.jpg 300w, http:\/\/www.josephvollmer.de\/wp-content\/uploads\/2018\/05\/OE-Baden-Baden-2-Seiter-768x514.jpg 768w\" sizes=\"(max-width: 604px) 100vw, 604px\" \/><\/a><figcaption id=\"caption-attachment-372\" class=\"wp-caption-text\">Viele Kn\u00f6pfe sind zu dr\u00fccken und Hebel zu bewegen, um das Fahrzeug in Bewegung zu bringen &#8211; Foto Seiter<\/figcaption><\/figure>\n<p>Die automobile Kostbarkeit ist im Besitz des Unimog-Museums Gaggenau (www. <a href=\"http:\/\/unimog-museum.de\/\">unimog-museum.de<\/a>). Museumschefin Hildegard Knoop wei\u00df: \u201eGerade auch, weil wir das Museum erweitern wollen, passt der Wagen sehr gut in unser Konzept. Er ist fahrt\u00fcchtig und bereichert unser Museum.\u201c<\/p>\n<figure id=\"attachment_373\" aria-describedby=\"caption-attachment-373\" style=\"width: 604px\" class=\"wp-caption aligncenter\"><a href=\"http:\/\/www.josephvollmer.de\/wp-content\/uploads\/2018\/05\/OE-Baden-Baden-3-Seiter.jpg\"><img data-attachment-id=\"373\" data-permalink=\"http:\/\/www.josephvollmer.de\/?attachment_id=373\" data-orig-file=\"http:\/\/www.josephvollmer.de\/wp-content\/uploads\/2018\/05\/OE-Baden-Baden-3-Seiter.jpg\" data-orig-size=\"3872,2592\" data-comments-opened=\"1\" data-image-meta=\"{&quot;aperture&quot;:&quot;4&quot;,&quot;credit&quot;:&quot;&quot;,&quot;camera&quot;:&quot;NIKON D60&quot;,&quot;caption&quot;:&quot;&quot;,&quot;created_timestamp&quot;:&quot;1527682527&quot;,&quot;copyright&quot;:&quot;&quot;,&quot;focal_length&quot;:&quot;25&quot;,&quot;iso&quot;:&quot;200&quot;,&quot;shutter_speed&quot;:&quot;0.016666666666667&quot;,&quot;title&quot;:&quot;&quot;,&quot;orientation&quot;:&quot;1&quot;}\" data-image-title=\"OE Baden-Baden 3 &#8211; Seiter\" data-image-description=\"\" data-image-caption=\"&lt;p&gt;Selbst das Leder ist noch Original &#8211; Foto Seiter&lt;\/p&gt;\n\" data-medium-file=\"http:\/\/www.josephvollmer.de\/wp-content\/uploads\/2018\/05\/OE-Baden-Baden-3-Seiter-300x201.jpg\" data-large-file=\"http:\/\/www.josephvollmer.de\/wp-content\/uploads\/2018\/05\/OE-Baden-Baden-3-Seiter-1024x685.jpg\" decoding=\"async\" loading=\"lazy\" class=\"size-large wp-image-373\" src=\"http:\/\/www.josephvollmer.de\/wp-content\/uploads\/2018\/05\/OE-Baden-Baden-3-Seiter-1024x685.jpg\" alt=\"\" width=\"604\" height=\"404\" srcset=\"http:\/\/www.josephvollmer.de\/wp-content\/uploads\/2018\/05\/OE-Baden-Baden-3-Seiter-1024x685.jpg 1024w, http:\/\/www.josephvollmer.de\/wp-content\/uploads\/2018\/05\/OE-Baden-Baden-3-Seiter-300x201.jpg 300w, http:\/\/www.josephvollmer.de\/wp-content\/uploads\/2018\/05\/OE-Baden-Baden-3-Seiter-768x514.jpg 768w\" sizes=\"(max-width: 604px) 100vw, 604px\" \/><\/a><figcaption id=\"caption-attachment-373\" class=\"wp-caption-text\">Selbst das Leder ist noch Original &#8211; Foto Seiter<\/figcaption><\/figure>\n<p>Joseph Vollmer, am 13. Februar 1871 geboren, wuchs in der Baden-Badener Weinbergstra\u00dfe als Sohn eines selbst\u00e4ndigen Schlossermeisters zusammen mit drei Br\u00fcdern auf. Er besuchte die St\u00e4dtische Gewerbeschule, ging nach deren Abschluss 1886 nach Cannstatt und absolvierte dort eine Lehre als Feinmechaniker bei der Maschinenfabrik Esslingen. Gegen\u00fcber der Maschinenfabrik arbeiteten Gottlieb Daimler und Wilhelm Maybach an einem Viertakt-Fahrzeugmotor. Vollmer verfolgte deren Versuchsfahrten mit gro\u00dfem Interesse.<\/p>\n<figure id=\"attachment_371\" aria-describedby=\"caption-attachment-371\" style=\"width: 604px\" class=\"wp-caption aligncenter\"><a href=\"http:\/\/www.josephvollmer.de\/wp-content\/uploads\/2018\/05\/OE-Baden-Baden-1-Seiter.jpg\"><img data-attachment-id=\"371\" data-permalink=\"http:\/\/www.josephvollmer.de\/?attachment_id=371\" data-orig-file=\"http:\/\/www.josephvollmer.de\/wp-content\/uploads\/2018\/05\/OE-Baden-Baden-1-Seiter.jpg\" data-orig-size=\"3872,2592\" data-comments-opened=\"1\" data-image-meta=\"{&quot;aperture&quot;:&quot;4.5&quot;,&quot;credit&quot;:&quot;&quot;,&quot;camera&quot;:&quot;NIKON D60&quot;,&quot;caption&quot;:&quot;&quot;,&quot;created_timestamp&quot;:&quot;1527682584&quot;,&quot;copyright&quot;:&quot;&quot;,&quot;focal_length&quot;:&quot;38&quot;,&quot;iso&quot;:&quot;200&quot;,&quot;shutter_speed&quot;:&quot;0.016666666666667&quot;,&quot;title&quot;:&quot;&quot;,&quot;orientation&quot;:&quot;1&quot;}\" data-image-title=\"OE Baden-Baden 1 &#8211; Seiter\" data-image-description=\"\" data-image-caption=\"&lt;p&gt;Das Fahrzeug hat einen Einzylinger-Motor mit 5,5 PS und ein Riemen-Wechselgetriebe (rechts zu erkennen) &#8211; Foto Seiter&lt;\/p&gt;\n\" data-medium-file=\"http:\/\/www.josephvollmer.de\/wp-content\/uploads\/2018\/05\/OE-Baden-Baden-1-Seiter-300x201.jpg\" data-large-file=\"http:\/\/www.josephvollmer.de\/wp-content\/uploads\/2018\/05\/OE-Baden-Baden-1-Seiter-1024x685.jpg\" decoding=\"async\" loading=\"lazy\" class=\"size-large wp-image-371\" src=\"http:\/\/www.josephvollmer.de\/wp-content\/uploads\/2018\/05\/OE-Baden-Baden-1-Seiter-1024x685.jpg\" alt=\"\" width=\"604\" height=\"404\" srcset=\"http:\/\/www.josephvollmer.de\/wp-content\/uploads\/2018\/05\/OE-Baden-Baden-1-Seiter-1024x685.jpg 1024w, http:\/\/www.josephvollmer.de\/wp-content\/uploads\/2018\/05\/OE-Baden-Baden-1-Seiter-300x201.jpg 300w, http:\/\/www.josephvollmer.de\/wp-content\/uploads\/2018\/05\/OE-Baden-Baden-1-Seiter-768x514.jpg 768w\" sizes=\"(max-width: 604px) 100vw, 604px\" \/><\/a><figcaption id=\"caption-attachment-371\" class=\"wp-caption-text\">Das Fahrzeug hat einen Einzylinder-Motor mit 5,5 PS und ein Riemen-Wechselgetriebe (rechts zu erkennen) &#8211; Foto Seiter<\/figcaption><\/figure>\n<p>Von 1891 bis 1894 studierte Joseph Vollmer am Technikum Mittweida und schloss das Studium als Maschinenbau-Ingenieur ab. Vollmers Karriere als Konstrukteur und Automobilpionier startete 1894 in Gaggenau bei der Firma \u201eBergmanns Industriewerke\u201c. Sie baute sein erstes Kraftfahrzeug, den Orient-Express, und begr\u00fcndete damit in Gaggenau f\u00fcr \u00fcber 100 Jahre den Automobilbau.<\/p>\n<p>1897 trat Joseph Vollmer als Gesellschafter in das Berliner Unternehmen \u201eK\u00fchlstein Wagenbau-Gesellschaft OHG\u201c ein. Dort konstruierte und baute Vollmer mehrere Motorfahrzeuge, die auf der Pariser Weltausstellung 1900 mit Preisen ausgezeichnet wurden. Vollmer wurde Mitglied der technischen Kommission des Mitteleurop\u00e4ischen Motorwagen-Vereins und au\u00dferdem in Berlin, Potsdam und Frankfurt\/Oder zum polizeilichen Sachverst\u00e4ndigen berufen.<\/p>\n<p>Seit 1901 gab es bei der AEG eine Automobilabteilung. Ab 1902 leitete Joseph Vollmer diese Abteilung, die NAG. Alle Fahrzeuge, die AEG-NAG bis 1906 herstellte, entstanden unter Vollmers Leitung und mit seinen Ideen. Dazu z\u00e4hlte auch der Lastzug \u201eDurch\u201c, der als erster Lastzug der Welt gilt. 1905 heiratete Joseph Vollmer seine Frau Hedwig, geborene St\u00f6hr, mit der er zwei T\u00f6chter bekam.<\/p>\n<p>1906 verlie\u00df Vollmer die NAG und gr\u00fcndete zusammen mit seinem Freund Ernst Neuberg die \u201eDeutsche Automobil-Construktionsgesellschaft m.b.H. Berlin (DAC)\u201c. Zahlreiche in- und ausl\u00e4ndische Fabriken z\u00e4hlten zu den Kunden der DAC, weil viele von ihnen noch keine eigenen Konstruktionsb\u00fcros besa\u00dfen. Das erfolgreiche Unternehmen konstruierte bis 1936 Fahrzeuge und Motoren und lieferte komplette Werkszeichnungen gegen Lizenzzahlungen. Bis zur Aufl\u00f6sung der DAC wurden Lizenzvertr\u00e4ge mit 68 Herstellern von Kraftfahrzeugen und Verbrennungsmotoren geschlossen.<\/p>\n<p>Am Ersten Weltkrieg nahm Joseph Vollmer als Hauptmann teil. Er bem\u00fchte sich zun\u00e4chst um die Einf\u00fchrung des metrischen Systems im Kraftfahrzeugbau. Er z\u00e4hlt mit dieser Arbeit zu den Vordenkern der FAKRA, die in den zwanziger Jahren f\u00fcr eine Typisierung automobiler Baugruppen sorgte, sowie zu den V\u00e4tern der deutschen Normung (DIN), damals noch \u201eNormenausschuss der Deutschen Industrie\u201c (NADI). Anschlie\u00dfend wurde Vollmer mit dem Bau der deutschen Panzer K-Wagen (Gro\u00dfkampfwagen), A7V, LK I und LK II betraut.<\/p>\n<p>Die Erfahrungen mit der Panzerkonstruktion konnte Vollmer nach dem Krieg f\u00fcr die Konstruktion von Landwirtschaftsfahrzeugen, wie die bekannte Hanomag-Raupe, nutzen. Er widmete sich au\u00dferdem dem Bau von Nutzfahrzeugen und der Entwicklung des Dieselmotors.<\/p>\n<p>Joseph Vollmer war Inhaber von \u00fcber 450 in- und ausl\u00e4ndischen Patenten und Gebrauchsmustern. Er gilt als einer der zehn herausragendsten deutschen Automobilkonstrukteure. Sein Lebenswerk wurde mit der Verleihung des Bundesverdienstkreuzes am Bande, der Diesel-Medaille und dem Dieselring sowie einer Reihe von Ehrenmitgliedschaften gew\u00fcrdigt.<\/p>\n<p>Joseph Vollmer starb nach einem Vortrag im Volkswagenwerk am 9. Oktober 1955 in Braunschweig. 2005 benannte seine Heimatstadt Baden-Baden eine Br\u00fccke nach ihm: Die \u201eJoseph-Vollmer-Br\u00fccke\u201c liegt zwischen der Europastra\u00dfe\/B500 und der Schwarzwaldstra\u00dfe, direkt an der Tourist-Information.<\/p>\n<p>Mehr \u00fcber Joseph Vollmer im Buch von Gisela Zincke: \u201eJoseph Vollmer \u2013 Konstrukteur und Pionier\u201c, erschienen 2001. Die deutschsprachige Ausgabe ist vergriffen. Die englische Fassung ist noch erh\u00e4ltlich \u00fcber www.buchundbild.de<\/p>\n<p>Pressemeldung der Stadt Baden-Baden &#8211; Roland Seiter &#8211; 30. Mai 2018<\/p>\n<figure id=\"attachment_366\" aria-describedby=\"caption-attachment-366\" style=\"width: 2222px\" class=\"wp-caption aligncenter\"><a href=\"http:\/\/www.josephvollmer.de\/wp-content\/uploads\/2018\/05\/OE-Baden-Baden-Wessel.jpg\"><img data-attachment-id=\"366\" data-permalink=\"http:\/\/www.josephvollmer.de\/?attachment_id=366\" data-orig-file=\"http:\/\/www.josephvollmer.de\/wp-content\/uploads\/2018\/05\/OE-Baden-Baden-Wessel.jpg\" data-orig-size=\"2222,1526\" data-comments-opened=\"1\" data-image-meta=\"{&quot;aperture&quot;:&quot;4&quot;,&quot;credit&quot;:&quot;&quot;,&quot;camera&quot;:&quot;Canon EOS 70D&quot;,&quot;caption&quot;:&quot;&quot;,&quot;created_timestamp&quot;:&quot;1527675394&quot;,&quot;copyright&quot;:&quot;&quot;,&quot;focal_length&quot;:&quot;21&quot;,&quot;iso&quot;:&quot;1250&quot;,&quot;shutter_speed&quot;:&quot;0.033333333333333&quot;,&quot;title&quot;:&quot;&quot;,&quot;orientation&quot;:&quot;1&quot;}\" data-image-title=\"OE Baden-Baden &#8211; Wessel\" data-image-description=\"\" data-image-caption=\"&lt;p&gt;Und hier das Fahrzeug in seiner ganzen Pracht! &#8211; Foto Wessel&lt;\/p&gt;\n\" data-medium-file=\"http:\/\/www.josephvollmer.de\/wp-content\/uploads\/2018\/05\/OE-Baden-Baden-Wessel-300x206.jpg\" data-large-file=\"http:\/\/www.josephvollmer.de\/wp-content\/uploads\/2018\/05\/OE-Baden-Baden-Wessel-1024x703.jpg\" decoding=\"async\" loading=\"lazy\" class=\"size-full wp-image-366\" src=\"http:\/\/www.josephvollmer.de\/wp-content\/uploads\/2018\/05\/OE-Baden-Baden-Wessel.jpg\" alt=\"\" width=\"2222\" height=\"1526\" srcset=\"http:\/\/www.josephvollmer.de\/wp-content\/uploads\/2018\/05\/OE-Baden-Baden-Wessel.jpg 2222w, http:\/\/www.josephvollmer.de\/wp-content\/uploads\/2018\/05\/OE-Baden-Baden-Wessel-300x206.jpg 300w, http:\/\/www.josephvollmer.de\/wp-content\/uploads\/2018\/05\/OE-Baden-Baden-Wessel-768x527.jpg 768w, http:\/\/www.josephvollmer.de\/wp-content\/uploads\/2018\/05\/OE-Baden-Baden-Wessel-1024x703.jpg 1024w\" sizes=\"(max-width: 2222px) 100vw, 2222px\" \/><\/a><figcaption id=\"caption-attachment-366\" class=\"wp-caption-text\">Und hier das Fahrzeug in seiner ganzen Pracht! &#8211; Foto Wessel<\/figcaption><\/figure>\n<p>&nbsp;<\/p>\n<p>&nbsp;<\/p>\n","protected":false},"excerpt":{"rendered":"<p>Automobil-Experte Michael Wessel (stehend), BKV-Gesch\u00e4ftsf\u00fchrer Stefan Ratzel und die Leiterin des Unimog-Museums, Hildegard Knoop, pr\u00e4sentieren den Orient-Express im Foyer des Kurhauses. \u00a0\u00a0\u00a0\u00a0 Foto Roland Seiter Gebaut 1897 in Gaggenau &#8211; Konstrukteur ein Baden-Badener Baden-Baden. Bis 22. Juni ist eine automobile Rarit\u00e4t, der &#8222;Orient-Express&#8220;, im unteren Foyer des Kurhauses zu bewundern. Dort haben Geschichts- und Automobilbegeisterte &hellip; <a href=\"http:\/\/www.josephvollmer.de\/?p=365\" class=\"more-link\"><span class=\"screen-reader-text\">\u00c4ltestes Gaggenauer Fahrzeug im Kurhaus Baden-Baden<\/span> weiterlesen <span class=\"meta-nav\">&rarr;<\/span><\/a><\/p>\n","protected":false},"author":1,"featured_media":0,"comment_status":"open","ping_status":"open","sticky":false,"template":"","format":"standard","meta":{"jetpack_post_was_ever_published":false,"_jetpack_newsletter_access":""},"categories":[1],"tags":[],"jetpack_featured_media_url":"","jetpack_shortlink":"https:\/\/wp.me\/p74Ukh-5T","_links":{"self":[{"href":"http:\/\/www.josephvollmer.de\/index.php?rest_route=\/wp\/v2\/posts\/365"}],"collection":[{"href":"http:\/\/www.josephvollmer.de\/index.php?rest_route=\/wp\/v2\/posts"}],"about":[{"href":"http:\/\/www.josephvollmer.de\/index.php?rest_route=\/wp\/v2\/types\/post"}],"author":[{"embeddable":true,"href":"http:\/\/www.josephvollmer.de\/index.php?rest_route=\/wp\/v2\/users\/1"}],"replies":[{"embeddable":true,"href":"http:\/\/www.josephvollmer.de\/index.php?rest_route=%2Fwp%2Fv2%2Fcomments&post=365"}],"version-history":[{"count":3,"href":"http:\/\/www.josephvollmer.de\/index.php?rest_route=\/wp\/v2\/posts\/365\/revisions"}],"predecessor-version":[{"id":374,"href":"http:\/\/www.josephvollmer.de\/index.php?rest_route=\/wp\/v2\/posts\/365\/revisions\/374"}],"wp:attachment":[{"href":"http:\/\/www.josephvollmer.de\/index.php?rest_route=%2Fwp%2Fv2%2Fmedia&parent=365"}],"wp:term":[{"taxonomy":"category","embeddable":true,"href":"http:\/\/www.josephvollmer.de\/index.php?rest_route=%2Fwp%2Fv2%2Fcategories&post=365"},{"taxonomy":"post_tag","embeddable":true,"href":"http:\/\/www.josephvollmer.de\/index.php?rest_route=%2Fwp%2Fv2%2Ftags&post=365"}],"curies":[{"name":"wp","href":"https:\/\/api.w.org\/{rel}","templated":true}]}}